{"id":143,"date":"2022-12-11T18:38:42","date_gmt":"2022-12-11T18:38:42","guid":{"rendered":"https:\/\/konyvelos.bemutatjuk.com\/?p=143"},"modified":"2022-12-11T20:09:58","modified_gmt":"2022-12-11T20:09:58","slug":"tavkonyveles-a-kenyelmes-megoldas","status":"publish","type":"post","link":"https:\/\/konyvelos.bemutatjuk.com\/index.php\/2022\/12\/11\/tavkonyveles-a-kenyelmes-megoldas\/","title":{"rendered":"T\u00e1vk\u00f6nyvel\u00e9s a k\u00e9nyelmes megold\u00e1s"},"content":{"rendered":"\n<p>Az ember leg\u00e9rt\u00e9kesebb kincse az id\u0151. Mi is pontosan tudjuk ezt, ez\u00e9rt igyeksz\u00fcnk rugalmas megold\u00e1sokkal seg\u00edteni a munkafolyamatokat. Ki szeretne hivatali munkaid\u0151ben a dug\u00f3ban \u00fclni, csak mert egyeztetnie kell a k\u00f6nyvel\u00e9st, vagy le kell adnia a bizonylatokat?&nbsp;<\/p>\n\n\n\n<h2 class=\"wp-block-heading\">Szem\u00e9lyes megjelen\u00e9s n\u00e9lk\u00fcl<\/h2>\n\n\n\n<p>A t\u00e1vk\u00f6nyvel\u00e9shez &#8211; mint azt a neve is sugallja \u2013 nem sz\u00fcks\u00e9ges a szem\u00e9lyes megjelen\u00e9s. A k\u00f6nyvel\u00e9si munka folyamatos, \u00edgy nem lehet \u00e9vente csak egyszer, egy\u00fctemben elv\u00e9gezni. A k\u00f6nyvel\u0151 eg\u00e9sz \u00e9vben r\u00f6gz\u00edti a sz\u00e1ml\u00e1kat \u00e9s a bizonylatokat, vizsg\u00e1lja azok szab\u00e1lyoss\u00e1g\u00e1t, folyamatosan figyelemmel k\u00eds\u00e9ri az \u00e9ves m\u00e9rleget \u00e9s ezek alapj\u00e1n adja le a bevall\u00e1st.&nbsp;&nbsp;&nbsp;<\/p>\n\n\n\n<h2 class=\"wp-block-heading\">Hogyan adjuk le a sz\u00e1ml\u00e1kat?<\/h2>\n\n\n\n<p>Az ad\u00f3ellen\u0151rz\u00e9shez az iratok eredeti p\u00e9ld\u00e1ny\u00e1ra van sz\u00fcks\u00e9g, de a dokument\u00e1ci\u00f3 elv\u00e9gz\u00e9s\u00e9hez elegend\u0151 azoknak a szkennelt, vagy lefot\u00f3zott v\u00e1ltozata is. \u00cdgy nem sz\u00fcks\u00e9ges mindent azonnal a k\u00f6nyvel\u0151h\u00f6z fizikailag eljuttatni. Elegend\u0151, ha e-mailben tov\u00e1bb\u00edtod a m\u00e1solatokat. Mi legyen az eredeti p\u00e9ld\u00e1nyokkal? A t\u00e1vk\u00f6nyvel\u00e9s eset\u00e9n elegend\u0151 egybegy\u0171jteni \u00e9s csak k\u00e9s\u0151bb eljuttatni az irod\u00e1ba. Ekkor sem kell felt\u00e9tlen meghat\u00e1rozott id\u0151pont. Az iratok \u00e9rkezhetnek ak\u00e1r fut\u00e1rral, vagy post\u00e1n is.&nbsp;&nbsp;<\/p>\n\n\n\n<h2 class=\"wp-block-heading\">Hogyan t\u00f6rt\u00e9nik a t\u00e1vk\u00f6nyvel\u00e9s?<\/h2>\n\n\n\n<p>A Visual Flexprof (Vfp) el\u0151fizethet\u0151 hosting szolg\u00e1ltat\u00e1s\u00e1val egyszer\u0171en k\u00f6vethet\u0151v\u00e9 v\u00e1lnak a folyamatok. Az elektronikusan megk\u00fcld\u00f6tt sz\u00e1ml\u00e1kat vagy bizonylatokat a k\u00f6nyvel\u0151iroda t\u00f6lti fel a Vpf szerverre. Ekkor minden irat k\u00fcl\u00f6n sz\u00e1mot kap a rendszerben.<\/p>\n\n\n\n<p>Amikor sz\u00fcks\u00e9ges, a v\u00e1llalkoz\u00e1s eljuttatja az eredeti p\u00e9ld\u00e1nyokat az irod\u00e1nak (\u00e9v v\u00e9gi besz\u00e1mol\u00f3k\u00e9sz\u00edt\u00e9s, \u00e9vk\u00f6zi \u00e1fa kiutal\u00e1s vagy egy\u00e9b \u00e9vk\u00f6zi ad\u00f3ellen\u0151rz\u00e9s el\u0151tt). A k\u00f6nyvel\u0151 ellen\u0151rzi, hogy minden hiteles irat be\u00e9rkezett, majd a program rendszerez\u00e9se alapj\u00e1n iratt\u00e1rba helyezi a pap\u00edrokat. A k\u00e9s\u0151bbiekben minden k\u00f6nnyed\u00e9n el\u00e9rhet\u0151 ak\u00e1r digit\u00e1lis form\u00e1ban is. Az eredeti pap\u00edrok is egyszer\u0171en el\u0151kereshet\u0151k a program \u00e1ltal haszn\u00e1lt bizonylatsz\u00e1mok alapj\u00e1n.<\/p>\n\n\n\n<h2 class=\"wp-block-heading\">Mire ad m\u00e9g lehet\u0151s\u00e9get a Visual Flexprof?<\/h2>\n\n\n\n<p>A v\u00e1llalkoz\u00e1s is kap hozz\u00e1f\u00e9r\u00e9st a programhoz. Ezzel gyerekj\u00e1t\u00e9k lesz a sz\u00e1ml\u00e1k elk\u00e9sz\u00edt\u00e9se is. A p\u00e9nz\u00fcgyes k\u00f6nnyed\u00e9n r\u00f6gz\u00edtheti a banki bizonylatokat, a bej\u00f6v\u0151 sz\u00e1ml\u00e1kat. Az eredeti p\u00e9ld\u00e1nyokat term\u00e9szetesen ekkor is el kell majd a k\u00f6nyvel\u0151h\u00f6z juttatni, de a Vpf \u00e1ltal gener\u00e1lt bizonylatsz\u00e1mok alapj\u00e1n lef\u0171z\u00f6tt iratok nagyban n\u00f6velik a hat\u00e9konys\u00e1got, ezzel is cs\u00f6kkentve a k\u00f6lts\u00e9geket is. Az el\u0151r\u00f6gz\u00edtett t\u00e9teleket, a k\u00f6nyvel\u0151 ellen\u0151rzi \u00e9s v\u00e9gleges\u00edti.&nbsp;<\/p>\n\n\n\n<h2 class=\"wp-block-heading\">\u00c1tl\u00e1that\u00f3 k\u00f6nyvel\u00e9s a nap 24 \u00f3r\u00e1j\u00e1ban<\/h2>\n\n\n\n<p>Ezzel r\u00e1ad\u00e1sul a v\u00e1llalkoz\u00e1s sz\u00e1m\u00e1ra is naprak\u00e9szen k\u00f6vethet\u0151k a bev\u00e9telek, a kiad\u00e1sok \u00e9s a kintl\u00e9v\u0151s\u00e9gek is. A vezet\u0151 k\u00fcl\u00f6n jogosults\u00e1ggal tudja ellen\u0151rizni a kimutat\u00e1sokat, \u00edgy k\u00f6nnyed\u00e9n nyomon k\u00f6vetheti ak\u00e1r az eredm\u00e9nyess\u00e9get vagy a fizetend\u0151 \u00e1f\u00e1t is.<\/p>\n\n\n\n<p>Lehet\u0151s\u00e9g van a k\u00f6nyvvizsg\u00e1l\u00f3nak, vagy ak\u00e1r az ad\u00f3tan\u00e1csad\u00f3nak is k\u00fcl\u00f6n, ideiglenes jogosults\u00e1got biztos\u00edtani. \u00cdgy ezzel is n\u0151 a hat\u00e9konys\u00e1g \u00e9s megsz\u0171nik a munkafolyamatok helyhez k\u00f6t\u00f6tts\u00e9ge is.<\/p>\n\n\n\n<h2 class=\"wp-block-heading\">Akad\u00e1lymentes kommunik\u00e1ci\u00f3 az online t\u00e9rben<\/h2>\n\n\n\n<p>Term\u00e9szetesen a t\u00e1vk\u00f6nyvel\u00e9s nem vet v\u00e9get a rendszeres kapcsolattart\u00e1snak. S\u0151t, er\u0151s\u00edti azt. A folyamatosan friss\u00fcl\u0151 adatb\u00e1zis lehet\u0151v\u00e9 teszi a gyors reakci\u00f3t, ha a c\u00e9g m\u0171k\u00f6d\u00e9s\u00e9ben v\u00e1ltoz\u00e1sra van sz\u00fcks\u00e9g. Az online t\u00e9r lehet\u0151v\u00e9 teszi, hogy az id\u0151beli \u00e9s a t\u00e9rbeli akad\u00e1lyok minim\u00e1lisra cs\u00f6kkenjenek. \u00cdgy nem sz\u00fcks\u00e9ges m\u00e1s id\u0151beoszt\u00e1s\u00e1hoz alkalmazkodnod.<\/p>\n\n\n\n<p>Ha szeretn\u00e9d megismerni a t\u00e1vk\u00f6nyvel\u00e9s tov\u00e1bbi el\u0151nyeit \u00e9s betekint\u00e9st nyern\u00e9l a program gyakorlati haszn\u00e1lat\u00e1ba keress fel benn\u00fcnket bizalommal.<\/p>\n","protected":false},"excerpt":{"rendered":"<p>Az ember leg\u00e9rt\u00e9kesebb kincse az id\u0151. Mi is pontosan tudjuk ezt, ez\u00e9rt igyeksz\u00fcnk rugalmas megold\u00e1sokkal seg\u00edteni a munkafolyamatokat. Ki szeretne hivatali munkaid\u0151ben a dug\u00f3ban \u00fclni, csak mert egyeztetnie kell a k\u00f6nyvel\u00e9st, vagy le kell adnia a bizonylatokat?&nbsp; Szem\u00e9lyes megjelen\u00e9s n\u00e9lk\u00fcl A t\u00e1vk\u00f6nyvel\u00e9shez &#8211; mint azt a neve is sugallja \u2013 nem sz\u00fcks\u00e9ges a szem\u00e9lyes megjelen\u00e9s. [&hellip;]<\/p>\n","protected":false},"author":1,"featured_media":178,"comment_status":"open","ping_status":"open","sticky":false,"template":"elementor_theme","format":"standard","meta":{"footnotes":""},"categories":[1],"tags":[],"class_list":["post-143","post","type-post","status-publish","format-standard","has-post-thumbnail","hentry","category-uncategorized"],"_links":{"self":[{"href":"https:\/\/konyvelos.bemutatjuk.com\/index.php\/wp-json\/wp\/v2\/posts\/143","targetHints":{"allow":["GET"]}}],"collection":[{"href":"https:\/\/konyvelos.bemutatjuk.com\/index.php\/wp-json\/wp\/v2\/posts"}],"about":[{"href":"https:\/\/konyvelos.bemutatjuk.com\/index.php\/wp-json\/wp\/v2\/types\/post"}],"author":[{"embeddable":true,"href":"https:\/\/konyvelos.bemutatjuk.com\/index.php\/wp-json\/wp\/v2\/users\/1"}],"replies":[{"embeddable":true,"href":"https:\/\/konyvelos.bemutatjuk.com\/index.php\/wp-json\/wp\/v2\/comments?post=143"}],"version-history":[{"count":1,"href":"https:\/\/konyvelos.bemutatjuk.com\/index.php\/wp-json\/wp\/v2\/posts\/143\/revisions"}],"predecessor-version":[{"id":144,"href":"https:\/\/konyvelos.bemutatjuk.com\/index.php\/wp-json\/wp\/v2\/posts\/143\/revisions\/144"}],"wp:featuredmedia":[{"embeddable":true,"href":"https:\/\/konyvelos.bemutatjuk.com\/index.php\/wp-json\/wp\/v2\/media\/178"}],"wp:attachment":[{"href":"https:\/\/konyvelos.bemutatjuk.com\/index.php\/wp-json\/wp\/v2\/media?parent=143"}],"wp:term":[{"taxonomy":"category","embeddable":true,"href":"https:\/\/konyvelos.bemutatjuk.com\/index.php\/wp-json\/wp\/v2\/categories?post=143"},{"taxonomy":"post_tag","embeddable":true,"href":"https:\/\/konyvelos.bemutatjuk.com\/index.php\/wp-json\/wp\/v2\/tags?post=143"}],"curies":[{"name":"wp","href":"https:\/\/api.w.org\/{rel}","templated":true}]}}