{"id":141,"date":"2022-12-11T18:35:52","date_gmt":"2022-12-11T18:35:52","guid":{"rendered":"https:\/\/konyvelos.bemutatjuk.com\/?p=141"},"modified":"2022-12-11T20:10:15","modified_gmt":"2022-12-11T20:10:15","slug":"mikor-celszeru-ujrakonyvelest-kerni","status":"publish","type":"post","link":"https:\/\/konyvelos.bemutatjuk.com\/index.php\/2022\/12\/11\/mikor-celszeru-ujrakonyvelest-kerni\/","title":{"rendered":"Mikor c\u00e9lszer\u0171 \u00fajrak\u00f6nyvel\u00e9st k\u00e9rni"},"content":{"rendered":"\n<p>Ha a k\u00f6nyvel\u00e9sedben hib\u00e1t vagy hib\u00e1kat tal\u00e1lsz sz\u00e1modra is term\u00e9szetes, hogy ezeket azonnal jav\u00edtani kell. Nem csak a saj\u00e1t \u00fczletviteled sz\u00e1m\u00e1ra kulcsfontoss\u00e1g\u00fa, hogy a k\u00f6nyvel\u00e9sed hib\u00e1tlan legyen. A hivatalos szervek szempontj\u00e1b\u00f3l is t\u00f6k\u00e9letesnek kell lennie a k\u00f6nyvel\u00e9snek, mert a hib\u00e1k k\u00e9s\u0151bb s\u00falyos anyagi vesztes\u00e9geket jelenthetnek. A jav\u00edtgat\u00e1s helyett sokszor c\u00e9lravezet\u0151bb, ha az \u00fajrak\u00f6nyvel\u00e9st v\u00e1lasztod.&nbsp;<\/p>\n\n\n\n<h2 class=\"wp-block-heading\">Mi\u00e9rt lehet \u00fajrak\u00f6nyvel\u00e9sre sz\u00fcks\u00e9g?<\/h2>\n\n\n\n<p>Mindenk\u00e9ppen az \u00fajrak\u00f6nyvel\u00e9s javasolt, ha jelent\u0151s mennyis\u00e9g\u0171 hiba van a k\u00f6nyvel\u00e9sben. Ilyenkor sokkal nehezebb\u00e9 v\u00e1lik a visszakeres\u00e9s, ami t\u00f6bb id\u0151t vehet ig\u00e9nybe, mint egyszer\u0171en \u00fajrak\u00f6nyvelni az adott id\u0151szakot. Ezzel nem csak hibamentess\u00e9 tessz\u00fck a k\u00f6nyvel\u00e9s\u00fcnket, de cs\u00f6kkenthetj\u00fck a jav\u00edt\u00e1s miatt felmer\u00fclt k\u00f6lts\u00e9geinket is.<\/p>\n\n\n\n<h2 class=\"wp-block-heading\">Milyen hib\u00e1k eset\u00e9n megold\u00e1s az \u00fajrak\u00f6nyvel\u00e9s?<\/h2>\n\n\n\n<p>Ha k\u00f6vetkezetlenek a hib\u00e1k, vagy t\u00f6bbsz\u00f6r ism\u00e9tl\u0151dnek, mindenk\u00e9ppen \u00e9rdemes \u00e1tgondolnunk ezt a lehet\u0151s\u00e9get. El\u0151fordulhat, hogy a k\u00f6nyvel\u0151 az elej\u00e9n ejt valamilyen t\u00e9ved\u00e9st \u00e9s k\u00e9s\u0151bb ez a hib\u00e1k eg\u00e9sz sor\u00e1t vonja maga ut\u00e1n. Ha a c\u00e9g k\u00f6nyvel\u00e9s\u00e9t nem megfelel\u0151en prec\u00edz szakember v\u00e9gzi, akkor rengeteg kellemetlens\u00e9g sz\u00e1rmazhat a sz\u00e1mviteli mulaszt\u00e1sokb\u00f3l. Ez\u00e9rt, ha egy adott k\u00f6nyvel\u0151 t\u00f6bbsz\u00f6r mell\u00e9fog, \u00e9rdemes egyszer\u0171en m\u00e1sik k\u00f6nyvel\u0151irod\u00e1t v\u00e1lasztani.<\/p>\n\n\n\n<p>Ha valami\u00e9rt nem b\u00edzol az el\u0151z\u0151 k\u00f6nyvel\u0151d munk\u00e1j\u00e1ban, vagy t\u00f6bbsz\u00f6r probl\u00e9m\u00e1t fedezt\u00e9l fel benne, az \u00faj k\u00f6nyvel\u0151vel \u00e9rdemes \u00fajrak\u00f6nyvel\u00e9st v\u00e9geztetni. Ezzel biztos lehetsz abban, hogy tiszta lappal indulsz. \u00cdgy garant\u00e1ltan nem kell k\u00e9s\u0151bb sem hib\u00e1k ut\u00e1n kutakodni.&nbsp;&nbsp;<\/p>\n\n\n\n<h2 class=\"wp-block-heading\">Mikor lehet \u00fajrak\u00f6nyvel\u00e9st v\u00e9gezni?<\/h2>\n\n\n\n<p>Ha az adott \u00e9v k\u00f6nyvel\u00e9se m\u00e9g nincs lez\u00e1rva, gond n\u00e9lk\u00fcl elv\u00e9gezhetj\u00fck az \u00fajak\u00f6nyvel\u00e9st. A hib\u00e1kat ilyenkor m\u00e9g id\u0151ben \u00e9szlelted \u00e9s egyszer\u0171en meg is sz\u00fcntetted \u0151ket. Nagyon fontos, hogy a bevall\u00e1s a helyes adatokat tartalmazza.<\/p>\n\n\n\n<p>Azonban, ha m\u00e1r lez\u00e1rt \u00e9vben fedez\u00fcnk fel hib\u00e1t, nehezebb korrig\u00e1lni azt. A jelenlegi jogi szab\u00e1lyoz\u00e1s alapj\u00e1n a m\u00e1r leadott besz\u00e1mol\u00f3kat nem lehet megv\u00e1ltoztatni, azonban lehet\u0151s\u00e9g\u00fcnk van a t\u00e1rgy\u00e9vben korrig\u00e1lni azokat. Ilyenkor az el\u0151z\u0151 \u00e9v k\u00f6nyvel\u00e9si hib\u00e1it az \u00fajrak\u00f6nyvel\u00e9sb\u0151l fogjuk l\u00e1tni, \u00e9s a t\u00e1rgy\u00e9vben sz\u00e1moljuk el.<\/p>\n\n\n\n<h2 class=\"wp-block-heading\">Mikor c\u00e9lszer\u0171 \u00fajrak\u00f6nyvel\u00e9st k\u00e9rni?<\/h2>\n\n\n\n<p>Nem csak a probl\u00e9m\u00e1s k\u00f6nyvel\u00e9s eset\u00e9n tan\u00e1csos az \u00fajrak\u00f6nyvel\u00e9s. Ha a c\u00e9g elad\u00e1sra ker\u00fcl, vagy ad\u00f3ellen\u0151rz\u00e9s v\u00e1rhat\u00f3, az \u00fajrak\u00f6nyvel\u00e9ssel ellen\u0151rizhetj\u00fck, hogy val\u00f3ban minden pontosan zajlott -e a k\u00f6nyvel\u00e9sben. Aj\u00e1nlott akkor is elv\u00e9gezni, ha a k\u00f6nyvvizsg\u00e1l\u00f3 visszautas\u00edtja a v\u00e9lem\u00e9nynyilv\u00e1n\u00edt\u00e1st a sz\u00fcks\u00e9ges adatok \u00e9s inform\u00e1ci\u00f3k hi\u00e1nya miatt.<\/p>\n\n\n\n<p>A prec\u00edz k\u00f6nyvel\u00e9s elengedhetetlen az \u00fczleti \u00e9letben! Ha t\u00f6bbsz\u00f6r hib\u00e1t tapasztalt\u00e1l a k\u00f6nyvel\u00e9sedben, vagy elveszetted a bizalmadat a k\u00f6nyvel\u0151dben, nem \u00e9rdemes halogatni a v\u00e1lt\u00e1st, mert k\u00e9s\u0151bb s\u00falyos anyagi k\u00f6vetkezm\u00e9nye lehet. Garanci\u00e1val v\u00e1llaljuk a v\u00e1llalkoz\u00e1sod \u00fajrak\u00f6nyvel\u00e9s\u00e9t is.&nbsp;<\/p>\n","protected":false},"excerpt":{"rendered":"<p>Ha a k\u00f6nyvel\u00e9sedben hib\u00e1t vagy hib\u00e1kat tal\u00e1lsz sz\u00e1modra is term\u00e9szetes, hogy ezeket azonnal jav\u00edtani kell. Nem csak a saj\u00e1t \u00fczletviteled sz\u00e1m\u00e1ra kulcsfontoss\u00e1g\u00fa, hogy a k\u00f6nyvel\u00e9sed hib\u00e1tlan legyen. A hivatalos szervek szempontj\u00e1b\u00f3l is t\u00f6k\u00e9letesnek kell lennie a k\u00f6nyvel\u00e9snek, mert a hib\u00e1k k\u00e9s\u0151bb s\u00falyos anyagi vesztes\u00e9geket jelenthetnek. A jav\u00edtgat\u00e1s helyett sokszor c\u00e9lravezet\u0151bb, ha az \u00fajrak\u00f6nyvel\u00e9st v\u00e1lasztod.&nbsp; Mi\u00e9rt [&hellip;]<\/p>\n","protected":false},"author":1,"featured_media":180,"comment_status":"open","ping_status":"open","sticky":false,"template":"","format":"standard","meta":{"footnotes":""},"categories":[1],"tags":[],"class_list":["post-141","post","type-post","status-publish","format-standard","has-post-thumbnail","hentry","category-uncategorized"],"_links":{"self":[{"href":"https:\/\/konyvelos.bemutatjuk.com\/index.php\/wp-json\/wp\/v2\/posts\/141","targetHints":{"allow":["GET"]}}],"collection":[{"href":"https:\/\/konyvelos.bemutatjuk.com\/index.php\/wp-json\/wp\/v2\/posts"}],"about":[{"href":"https:\/\/konyvelos.bemutatjuk.com\/index.php\/wp-json\/wp\/v2\/types\/post"}],"author":[{"embeddable":true,"href":"https:\/\/konyvelos.bemutatjuk.com\/index.php\/wp-json\/wp\/v2\/users\/1"}],"replies":[{"embeddable":true,"href":"https:\/\/konyvelos.bemutatjuk.com\/index.php\/wp-json\/wp\/v2\/comments?post=141"}],"version-history":[{"count":1,"href":"https:\/\/konyvelos.bemutatjuk.com\/index.php\/wp-json\/wp\/v2\/posts\/141\/revisions"}],"predecessor-version":[{"id":142,"href":"https:\/\/konyvelos.bemutatjuk.com\/index.php\/wp-json\/wp\/v2\/posts\/141\/revisions\/142"}],"wp:featuredmedia":[{"embeddable":true,"href":"https:\/\/konyvelos.bemutatjuk.com\/index.php\/wp-json\/wp\/v2\/media\/180"}],"wp:attachment":[{"href":"https:\/\/konyvelos.bemutatjuk.com\/index.php\/wp-json\/wp\/v2\/media?parent=141"}],"wp:term":[{"taxonomy":"category","embeddable":true,"href":"https:\/\/konyvelos.bemutatjuk.com\/index.php\/wp-json\/wp\/v2\/categories?post=141"},{"taxonomy":"post_tag","embeddable":true,"href":"https:\/\/konyvelos.bemutatjuk.com\/index.php\/wp-json\/wp\/v2\/tags?post=141"}],"curies":[{"name":"wp","href":"https:\/\/api.w.org\/{rel}","templated":true}]}}