{"id":139,"date":"2022-12-11T18:33:28","date_gmt":"2022-12-11T18:33:28","guid":{"rendered":"https:\/\/konyvelos.bemutatjuk.com\/?p=139"},"modified":"2022-12-11T20:10:30","modified_gmt":"2022-12-11T20:10:30","slug":"miert-elonyos-a-konyveles-es-a-berszamfejtes-kiszervezese","status":"publish","type":"post","link":"https:\/\/konyvelos.bemutatjuk.com\/index.php\/2022\/12\/11\/miert-elonyos-a-konyveles-es-a-berszamfejtes-kiszervezese\/","title":{"rendered":"Mi\u00e9rt el\u0151ny\u00f6s a k\u00f6nyvel\u00e9s \u00e9s a b\u00e9rsz\u00e1mfejt\u00e9s kiszervez\u00e9se"},"content":{"rendered":"\n<p>Minden c\u00e9gnek a n\u00f6veked\u00e9s \u00e9s a profit n\u00f6vel\u00e9s a c\u00e9lja. Ez\u00e9rt el\u0151bb ut\u00f3bb felmer\u00fcl a gondolat, hogy saj\u00e1t hat\u00e1sk\u00f6rbe rendelj\u00fck a k\u00f6nyvel\u00e9s \u00e9s a b\u00e9rsz\u00e1mfejt\u00e9s folyamat\u00e1t. Ezt \u00fagy tehetj\u00fck meg, ha saj\u00e1t szakembert alkalmazunk. Ez azonban gyakran vezet nem v\u00e1rt kiad\u00e1sokhoz \u00e9s s\u00falyos probl\u00e9m\u00e1khoz. Ez\u00e9rt \u00e9rdemes ut\u00e1nasz\u00e1molni, miel\u0151tt elhamarkodott l\u00e9p\u00e9st teszel.<\/p>\n\n\n\n<h2 class=\"wp-block-heading\">A kiad\u00e1sok cs\u00f6kkent\u00e9se, az \u00f6r\u00f6k\u00f6s c\u00e9l<\/h2>\n\n\n\n<p>T\u00f6bbs\u00e9g\u00e9ben elmondhat\u00f3, hogy bizonyos tev\u00e9kenys\u00e9gek v\u00e9grehajt\u00e1sa olcs\u00f3bb, ha a munk\u00e1t nem szervezz\u00fck ki. Ilyenkor a saj\u00e1t munkav\u00e1llal\u00f3nk a havi b\u00e9r\u00e9\u00e9rt v\u00e9gzi el a feladatot. Mi\u00e9rt ne lehetne ez \u00edgy a k\u00f6nyvel\u00e9ssel, vagy a b\u00e9rsz\u00e1mfejt\u00e9ssel is? Egy megfelel\u0151 szakemberrel k\u00f6nny\u0171nek t\u0171nik a feladat v\u00e9grehajt\u00e1sa, azonban ez sz\u00e1mos buktat\u00f3t rejt mag\u00e1ban. Hiszen ezek rendk\u00edv\u00fcl \u00f6sszetett szakter\u00fcletek.<\/p>\n\n\n\n<h2 class=\"wp-block-heading\">Mennyibe ker\u00fcl egy alkalmazott?<\/h2>\n\n\n\n<p>R\u00f6gt\u00f6n az els\u0151 kritikus pont a megfelel\u0151 szakember megtal\u00e1l\u00e1sa. Egy j\u00f3 k\u00f6nyvel\u0151, vagy b\u00e9rsz\u00e1mfejt\u0151 folyamatosan k\u00e9pz\u00e9seken vesz r\u00e9szt \u00e9s \u00fcgyel, hogy k\u00f6vesse a v\u00e1ltoz\u00e1sokat. Ez mind rengeteg id\u0151vel \u00e9s kiad\u00e1ssal j\u00e1r, amit nem sz\u00edvesen fedez a munk\u00e1ltat\u00f3. Ha m\u00e9gis siker\u00fcl megfelel\u0151 embert tal\u00e1lnod, jelent\u0151sen magasabb havi fizet\u00e9st kell aj\u00e1nlanod ahhoz, hogy elk\u00f6telezze mag\u00e1t a c\u00e9ged mellett. Teh\u00e1t \u00e1lland\u00f3 kiad\u00e1sk\u00e9nt kell sz\u00e1molnod a magasabb fizet\u00e9st \u00e9s az ezzel kapcsolatos j\u00e1rul\u00e9kterheket is.<\/p>\n\n\n\n<h2 class=\"wp-block-heading\">Hol van itt a probl\u00e9ma?<\/h2>\n\n\n\n<p>Ide\u00e1lis esetben, a megfelel\u0151 alkalmazottal meg is kezd\u0151dhet a munka. Azonban m\u00e1r a kezdetekkor meg kell v\u00e1s\u00e1rolnod a sz\u00fcks\u00e9ges hardver \u00e9s szoftver eszk\u00f6z\u00f6ket. Ezeknek az \u00e1ra igen jelent\u0151s, de term\u00e9szetes, hogy a profitn\u00f6vel\u00e9s beruh\u00e1z\u00e1ssal indul. Megkezd\u0151dik a k\u00f6z\u00f6s munka \u00e9s el\u0151sz\u00f6r \u00fagy t\u0171nik minden rendben lesz.<\/p>\n\n\n\n<h2 class=\"wp-block-heading\">A szem\u00e9lyi t\u00e9nyez\u0151<\/h2>\n\n\n\n<p>A legmegb\u00edzhat\u00f3bb munkat\u00e1rsak \u00e9let\u00e9ben is t\u00f6rt\u00e9nnek v\u00e1ltoz\u00e1sok. Az el\u0151re nem l\u00e1that\u00f3 mag\u00e1n\u00e9leti probl\u00e9m\u00e1k mind a munka k\u00e1r\u00e1ra mennek. Ezzel t\u00f6bbnyire nincs is baj, de ha te csak egy-k\u00e9t embert alkalmazol erre a munkak\u00f6rre, akkor a feladatok nagyon k\u00f6nnyen feltorl\u00f3dhatnak, a sz\u00e1mfejt\u00e9sek \u00e9s a k\u00f6nyvel\u00e9s pontatlann\u00e1 v\u00e1lhat. Hosszabb munkakapcsolat eset\u00e9n m\u00e1r neked kell gondoskodnod az alkalmazottaid k\u00e9pz\u00e9s\u00e9r\u0151l. A munkav\u00e1llal\u00f3 erre nem fogja a fizet\u00e9s\u00e9t \u00e1ldozni, hiszen ez sz\u00e1m\u00e1ra nem t\u00e9r\u00fcl meg. Id\u0151vel az \u00f6nk\u00e9pz\u00e9s \u00fcteme is lelassul, majd szinte teljesen elt\u0171nik.<\/p>\n\n\n\n<h2 class=\"wp-block-heading\">Kinek a kez\u00e9be teszed a c\u00e9ged j\u00f6v\u0151j\u00e9t?<\/h2>\n\n\n\n<p>Mivel a j\u00f3 szakember ritka ezen a ter\u00fcleten, ezzel a munkav\u00e1llal\u00f3k is tiszt\u00e1ban vannak. K\u00f6nnyen kialakulhat egy f\u00fcgg\u0151 helyzet, amivel kiszolg\u00e1ltathatod a c\u00e9ged az alkalmazottadnak. Mivel ezek a szakter\u00fcletek speci\u00e1lisak, a k\u00f6nyvel\u0151 \u00e9s a b\u00e9rsz\u00e1mfejt\u0151 munk\u00e1ja nehezen p\u00f3tolhat\u00f3. Szakavatatlan szemmel neh\u00e9z ellen\u0151rizni a v\u00e9grehajtott munk\u00e1t \u00e9s gyakran a n\u00e9lk\u00fcl\u00f6zhetetlens\u00e9g \u00e9rz\u00e9se hanyagabb munkav\u00e9gz\u00e9st eredm\u00e9nyez. Egy hosszabb betegs\u00e9g, vagy egy komolyabb mag\u00e1n\u00e9leti kr\u00edzis miatt t\u00f6bb hetes t\u00e1voll\u00e9t is el\u0151fordulhat. Neked kell gondoskodnod arr\u00f3l, hogy minden prec\u00edzen folytat\u00f3djon tov\u00e1bb. Mik\u00f6zben finansz\u00edrozod a t\u00e1voll\u00e9tet is.<\/p>\n\n\n\n<h2 class=\"wp-block-heading\">Mi t\u00f6rt\u00e9nik, ha hib\u00e1zik az alkalmazottad a k\u00f6nyvel\u00e9sben, b\u00e9rsz\u00e1mfejt\u00e9sben?&nbsp;<\/h2>\n\n\n\n<p>Ha az alkalmazottad nem friss\u00edti a tud\u00e1s\u00e1t, esetleg figyelmen k\u00edv\u00fcl hagyja a szab\u00e1lyoz\u00e1sok m\u00f3dosul\u00e1s\u00e1t, vagy egyszer\u0171en csak hib\u00e1zik, a c\u00e9gedet \u00e9ri vesztes\u00e9g. Nem csak a lehets\u00e9ges b\u00edrs\u00e1gokra kell sz\u00e1m\u00edtanod. A havi b\u00e9rsz\u00e1mfejt\u00e9s k\u00e9nyes ter\u00fclet. Az \u00f6sszes alkalmazottad el\u00e9gedetts\u00e9g\u00e9re hat\u00e1ssal van, hogy a kifizet\u00e9sek pontosan t\u00f6rt\u00e9njenek.<\/p>\n\n\n\n<h2 class=\"wp-block-heading\">Mikor \u00e9rheti meg m\u00e9gis saj\u00e1t hat\u00e1sk\u00f6rben tartani ezeket a ter\u00fcleteket?<\/h2>\n\n\n\n<p>Mert term\u00e9szetesen ilyen eset is van. A tapasztalatok azt mutatj\u00e1k, hogy akkor, ha a c\u00e9g m\u00e1r k\u00e9pes egy eg\u00e9sz oszt\u00e1lyt fenntartani erre. Egy megfelel\u0151 vezet\u0151vel \u00edgy biztos\u00edthat\u00f3 a tov\u00e1bbk\u00e9pz\u00e9s, a folyamatos ellen\u0151rz\u00e9s \u00e9s a g\u00f6rd\u00fcl\u00e9keny helyettes\u00edt\u00e9s is.<\/p>\n\n\n\n<h2 class=\"wp-block-heading\">Mik a kiszervez\u00e9s el\u0151nyei?<\/h2>\n\n\n\n<p>Ha egy professzion\u00e1lis irod\u00e1t v\u00e1lasztasz, igaz\u00e1b\u00f3l semmi\u00e9rt sem kell agg\u00f3dnod. A megfelel\u0151 k\u00f6nyvel\u0151iroda felel\u0151ss\u00e9get \u00e9s garanci\u00e1t v\u00e1llal a munk\u00e1j\u00e1\u00e9rt. Az eszk\u00f6z h\u00e1tt\u00e9r \u00e9s a szakember g\u00e1rda ilyenkor biztos\u00edtva van sz\u00e1modra. Egy k\u00f6nyvel\u0151irod\u00e1ban folyamatosan friss\u00fclnek \u00e9s cser\u00e9l\u0151dnek az inform\u00e1ci\u00f3k. \u00cdgy els\u0151k\u00e9nt kaphatsz jelz\u00e9seket a c\u00e9gednek el\u0151ny\u00f6s lehet\u0151s\u00e9gekr\u0151l, amivel jelent\u0151s \u00f6sszegeket takar\u00edthatsz meg. Ha egy profi c\u00e9get b\u00edzol meg, akkor t\u00f6bb szak\u00e9rt\u0151 teljes tud\u00e1st\u00e1ra \u00e1ll a rendelkez\u00e9sedre. Egyszer\u0171en nincs buktat\u00f3, vagy idegesked\u00e9s. A k\u00f6nyvel\u00e9sed \u00e9s a b\u00e9rsz\u00e1mfejt\u00e9sek hib\u00e1tlanok lesznek.<\/p>\n\n\n\n<p>Ha szeretn\u00e9l megb\u00edzhat\u00f3, prec\u00edz sz\u00e1mfejt\u00e9seket \u00e9s k\u00f6nyvel\u00e9st ker\u00fcld el a kiszolg\u00e1ltatott helyzeteket. C\u00e9g\u00fcnk garanci\u00e1val v\u00e1llalja, hogy minden t\u00f6rv\u00e9nyi el\u0151\u00edr\u00e1snak megfelel\u0151, pontos munk\u00e1t v\u00e9gz\u00fcnk.&nbsp;&nbsp;<br><br><\/p>\n","protected":false},"excerpt":{"rendered":"<p>Minden c\u00e9gnek a n\u00f6veked\u00e9s \u00e9s a profit n\u00f6vel\u00e9s a c\u00e9lja. Ez\u00e9rt el\u0151bb ut\u00f3bb felmer\u00fcl a gondolat, hogy saj\u00e1t hat\u00e1sk\u00f6rbe rendelj\u00fck a k\u00f6nyvel\u00e9s \u00e9s a b\u00e9rsz\u00e1mfejt\u00e9s folyamat\u00e1t. Ezt \u00fagy tehetj\u00fck meg, ha saj\u00e1t szakembert alkalmazunk. Ez azonban gyakran vezet nem v\u00e1rt kiad\u00e1sokhoz \u00e9s s\u00falyos probl\u00e9m\u00e1khoz. Ez\u00e9rt \u00e9rdemes ut\u00e1nasz\u00e1molni, miel\u0151tt elhamarkodott l\u00e9p\u00e9st teszel. A kiad\u00e1sok cs\u00f6kkent\u00e9se, az [&hellip;]<\/p>\n","protected":false},"author":1,"featured_media":181,"comment_status":"open","ping_status":"open","sticky":false,"template":"","format":"standard","meta":{"footnotes":""},"categories":[1],"tags":[],"class_list":["post-139","post","type-post","status-publish","format-standard","has-post-thumbnail","hentry","category-uncategorized"],"_links":{"self":[{"href":"https:\/\/konyvelos.bemutatjuk.com\/index.php\/wp-json\/wp\/v2\/posts\/139","targetHints":{"allow":["GET"]}}],"collection":[{"href":"https:\/\/konyvelos.bemutatjuk.com\/index.php\/wp-json\/wp\/v2\/posts"}],"about":[{"href":"https:\/\/konyvelos.bemutatjuk.com\/index.php\/wp-json\/wp\/v2\/types\/post"}],"author":[{"embeddable":true,"href":"https:\/\/konyvelos.bemutatjuk.com\/index.php\/wp-json\/wp\/v2\/users\/1"}],"replies":[{"embeddable":true,"href":"https:\/\/konyvelos.bemutatjuk.com\/index.php\/wp-json\/wp\/v2\/comments?post=139"}],"version-history":[{"count":1,"href":"https:\/\/konyvelos.bemutatjuk.com\/index.php\/wp-json\/wp\/v2\/posts\/139\/revisions"}],"predecessor-version":[{"id":140,"href":"https:\/\/konyvelos.bemutatjuk.com\/index.php\/wp-json\/wp\/v2\/posts\/139\/revisions\/140"}],"wp:featuredmedia":[{"embeddable":true,"href":"https:\/\/konyvelos.bemutatjuk.com\/index.php\/wp-json\/wp\/v2\/media\/181"}],"wp:attachment":[{"href":"https:\/\/konyvelos.bemutatjuk.com\/index.php\/wp-json\/wp\/v2\/media?parent=139"}],"wp:term":[{"taxonomy":"category","embeddable":true,"href":"https:\/\/konyvelos.bemutatjuk.com\/index.php\/wp-json\/wp\/v2\/categories?post=139"},{"taxonomy":"post_tag","embeddable":true,"href":"https:\/\/konyvelos.bemutatjuk.com\/index.php\/wp-json\/wp\/v2\/tags?post=139"}],"curies":[{"name":"wp","href":"https:\/\/api.w.org\/{rel}","templated":true}]}}