{"id":137,"date":"2022-12-11T18:31:47","date_gmt":"2022-12-11T18:31:47","guid":{"rendered":"https:\/\/konyvelos.bemutatjuk.com\/?p=137"},"modified":"2022-12-11T20:10:55","modified_gmt":"2022-12-11T20:10:55","slug":"mikor-erdemes-szekhelyszolgaltatast-valasztani","status":"publish","type":"post","link":"https:\/\/konyvelos.bemutatjuk.com\/index.php\/2022\/12\/11\/mikor-erdemes-szekhelyszolgaltatast-valasztani\/","title":{"rendered":"Mikor \u00e9rdemes sz\u00e9khelyszolg\u00e1ltat\u00e1st v\u00e1lasztani"},"content":{"rendered":"\n<p>A sz\u00e9khelyszolg\u00e1ltat\u00e1s kifejez\u00e9ssel gyakran tal\u00e1lkozhatt\u00e1l m\u00e1r. Kevesen tudj\u00e1k, hogy pontosan milyen szolg\u00e1ltat\u00e1sokat kell, hogy ny\u00fajtson a c\u00e9ged sz\u00e1m\u00e1ra. Mert a sz\u00e9khely igaz\u00e1b\u00f3l nem olyan, mint egy postafi\u00f3k c\u00edm, ahov\u00e1 csak leveleket k\u00fcldhetnek.<\/p>\n\n\n\n<h2 class=\"wp-block-heading\">Mi is az a sz\u00e9khely?<\/h2>\n\n\n\n<p>A t\u00e1rsas\u00e1gi jogi szab\u00e1lyok alapvet\u0151 k\u00f6vetelm\u00e9nye, hogy egy c\u00e9gnek sz\u00e9khellyel kell rendelkeznie. A szab\u00e1lyoz\u00e1s azt is el\u0151\u00edrja, hogy ez a c\u00e9g bejegyzett irod\u00e1ja, itt kell a k\u00f6zponti \u00fcgyint\u00e9z\u00e9st folytatni \u00e9s ide kell hogy \u00e9rkezzenek a hivatalos levelek. Ezen a c\u00edmen kell el\u00e9rhet\u0151nek lennie a c\u00e9gvezet\u0151knek \u00e9s a hat\u00f3s\u00e1g munkat\u00e1rsai is itt jelennek meg a helysz\u00edni ellen\u0151rz\u00e9sek sor\u00e1n. Ez\u00e9rt a c\u00e9g meghat\u00e1rozott hivatalos iratait is itt kell tartani. A c\u00e9get k\u00f6zter\u00fcletr\u0151l l\u00e1that\u00f3 m\u00f3don c\u00e9gt\u00e1bl\u00e1val kell jel\u00f6lni \u00e9s a k\u00fcl\u00f6n jogszab\u00e1lyban meghat\u00e1rozott, a sz\u00e9khellyel \u00f6sszef\u00fcgg\u0151 k\u00f6telezetts\u00e9gek teljes\u00edt\u00e9se is itt t\u00f6rt\u00e9nik. Teh\u00e1t mint az l\u00e1that\u00f3, mindez nem is olyan egyszer\u0171.<\/p>\n\n\n\n<h2 class=\"wp-block-heading\">Mikor lehet ilyen szolg\u00e1ltat\u00e1sra sz\u00fcks\u00e9ged?&nbsp;<\/h2>\n\n\n\n<p>M\u00e1r a c\u00e9galap\u00edt\u00e1skor sz\u00fcks\u00e9ges, hogy a sz\u00e9khely haszn\u00e1lat\u00e1nak a jogszer\u0171s\u00e9g\u00e9t igazold. Teh\u00e1t sz\u00fcks\u00e9ged van saj\u00e1t tulajdon\u00fa ingatlan eset\u00e9n tulajdoni lapra, vagy b\u00e9rleti szerz\u0151d\u00e9sre, vagy egy sz\u00e9khelyszolg\u00e1ltat\u00f3val k\u00f6t\u00f6tt megb\u00edz\u00e1si szerz\u0151d\u00e9sre.<\/p>\n\n\n\n<p>Kisebb, vagy kezd\u0151 v\u00e1llalkoz\u00e1sok eset\u00e9n term\u00e9szetesen els\u0151 k\u00f6rben a saj\u00e1t ingatlan mer\u00fcl fel esetleges sz\u00e9khelyk\u00e9nt. Azonban nem mindenki helyez ki c\u00e9gt\u00e1bl\u00e1t, vagy fogad hat\u00f3s\u00e1gi ellen\u0151r\u00f6ket sz\u00edvesen az otthon\u00e1ban. A jogszab\u00e1lyok alapj\u00e1n munkaid\u0151ben, a sz\u00e9khelyen kell el\u00e9rhet\u0151nek lennie a meghat\u00e1rozott iratoknak. Ez m\u00e1r komoly akad\u00e1lyt jelenthet abban is, hogy egy csal\u00e1dtagunk, vagy ismer\u0151s\u00fcnk ingatlan\u00e1t jel\u00f6lj\u00fck meg.&nbsp;<\/p>\n\n\n\n<p>Marad teh\u00e1t a b\u00e9rlem\u00e9ny, ami ide\u00e1lis akkor, ha egy irod\u00e1t szeretn\u00e9nk \u00fczemeltetni. Ha azonban t\u00f6bb id\u0151t t\u00f6ltesz a sz\u00e9khelyen k\u00edv\u00fcl, ez sem lesz megfelel\u0151 megold\u00e1s a sz\u00e1modra. Neh\u00e9zs\u00e9gekbe \u00fctk\u00f6zhetsz akkor is, ha az alb\u00e9rletedet jel\u00f6ln\u00e9d meg, mivel a tulajdonos hozz\u00e1j\u00e1rul\u00e1sa sz\u00fcks\u00e9ges a bejelent\u00e9shez.<\/p>\n\n\n\n<p>Ezekre a probl\u00e9m\u00e1kra t\u00f6k\u00e9letes megold\u00e1s a sz\u00e9khelyszolg\u00e1ltat\u00e1s. De enn\u00e9l m\u00e9g t\u00f6bbet is kaphatsz.<\/p>\n\n\n\n<h2 class=\"wp-block-heading\">Mit ny\u00fajt a sz\u00e9khelyszolg\u00e1ltat\u00f3?<\/h2>\n\n\n\n<p>Egy megfelel\u0151 szolg\u00e1ltat\u00f3 mindent biztos\u00edt, hogy a jogszab\u00e1lyi k\u00f6telezetts\u00e9geidnek marad\u00e9ktalanul eleget tegy\u00e9l. Nagyon fontos tudnod azonban, hogy a hi\u00e1nyoss\u00e1gok\u00e9rt kiz\u00e1r\u00f3lag te vagy a felel\u0151s. Ha p\u00e9ld\u00e1ul az ellen\u0151rz\u00e9s sor\u00e1n az iratok nem el\u00e9rhet\u0151k, ak\u00e1r fel is f\u00fcggeszthetik az ad\u00f3sz\u00e1mod \u00e9s ezzel a c\u00e9ged m\u0171k\u00f6d\u00e9s\u00e9t is. Ez\u00e9rt v\u00e1lassz megb\u00edzhat\u00f3 sz\u00e9khelyszolg\u00e1ltat\u00f3t, hogy elker\u00fcld az esetleges kellemetlens\u00e9geket.<\/p>\n\n\n\n<p>A sz\u00e9khelyszolg\u00e1ltat\u00e1s t\u00f6m\u00f6ren annyit tesz, hogy ha ig\u00e9nybe veszed a szolg\u00e1ltat\u00e1st, akkor a szolg\u00e1ltat\u00f3 c\u00e9g teljes\u00edt minden olyan k\u00f6telezetts\u00e9get \u00e9s el\u0151\u00edr\u00e1st, amit a jogszab\u00e1lyok a sz\u00e9khellyel kapcsolatban el\u0151\u00edrnak. Ez\u00e9rt a sz\u00e9khelyszolg\u00e1ltat\u00f3 elk\u00e9sz\u00edtteti \u00e9s kihelyezi a c\u00e9gt\u00e1bl\u00e1dat. A jogszab\u00e1lyban el\u0151\u00edrt iratokat meg\u0151rzi. A be\u00e9rkez\u0151 postai k\u00fcldem\u00e9nyeidet k\u00f6nyvelt form\u00e1ban \u00e1tveszi \u00e9s \u00e1tadja neked. Ellen\u0151rz\u00e9s eset\u00e9n k\u00e9pviseli a c\u00e9gedet a hivatalos szervek el\u0151tt.&nbsp;<\/p>\n\n\n\n<h2 class=\"wp-block-heading\">Sz\u00e9khelyszolg\u00e1ltat\u00e1st a csal\u00f3k v\u00e1lasztanak?<\/h2>\n\n\n\n<p>Egy\u00e1ltal\u00e1n nem. A t\u00f6rv\u00e9nyes sz\u00e9khelyszolg\u00e1ltat\u00e1s igyekszik a vissza\u00e9l\u00e9sek lehet\u0151s\u00e9g\u00e9t teljesen kiz\u00e1rni. Ez\u00e9rt fontos tudnod, hogy m\u00e1r a szerz\u0151d\u00e9sk\u00f6t\u00e9skor \u00fcgyf\u00e9l-\u00e1tvil\u00e1g\u00edt\u00e1si elj\u00e1r\u00e1st kell lefolytatnia a szolg\u00e1ltat\u00f3nak. A sz\u00e9khelyszolg\u00e1ltat\u00f3 ezt k\u00f6teles megism\u00e9telni, ha b\u00e1rmilyen gyan\u00fas k\u00f6r\u00fclm\u00e9nyt \u00e9szlel. Felmer\u00fcl\u0151 jogs\u00e9rt\u00e9s eset\u00e9n meg kell tennie a sz\u00fcks\u00e9ges bejelent\u00e9seket.<\/p>\n\n\n\n<h2 class=\"wp-block-heading\">Mikor v\u00e1lassz sz\u00e9khelyszolg\u00e1ltat\u00e1st?<\/h2>\n\n\n\n<p>Ha k\u00e9ts\u00e9geid vannak afel\u0151l, hogy a sz\u00e9khelyre vonatkoz\u00f3 el\u0151\u00edr\u00e1soknak meg tudsz -e felelni, vagy akad\u00e1lyba \u00fctk\u00f6zn\u00e9l ez miatt a c\u00e9galap\u00edt\u00e1s sor\u00e1n, mindenk\u00e9ppen javasoljuk, hogy a sz\u00e9khelyszolg\u00e1ltat\u00e1st v\u00e1laszd. Kifejezetten ide\u00e1lis kisebb v\u00e1llalkoz\u00e1sok sz\u00e1m\u00e1ra, ahol a munkav\u00e9gz\u00e9s nem teszi lehet\u0151v\u00e9 a sz\u00e9khelyen a folyamatos jelenl\u00e9tet.&nbsp;<\/p>\n\n\n\n<p>V\u00e1laszd a megb\u00edzhat\u00f3 sz\u00e9khelyszolg\u00e1ltat\u00e1sunkat, amivel k\u00f6nnyebb\u00e9 tessz\u00fck a v\u00e1llalkoz\u00e1sod mindennapjait \u00e9s nem kell tartanod az esetleges szankci\u00f3kt\u00f3l.<br><\/p>\n","protected":false},"excerpt":{"rendered":"<p>A sz\u00e9khelyszolg\u00e1ltat\u00e1s kifejez\u00e9ssel gyakran tal\u00e1lkozhatt\u00e1l m\u00e1r. Kevesen tudj\u00e1k, hogy pontosan milyen szolg\u00e1ltat\u00e1sokat kell, hogy ny\u00fajtson a c\u00e9ged sz\u00e1m\u00e1ra. Mert a sz\u00e9khely igaz\u00e1b\u00f3l nem olyan, mint egy postafi\u00f3k c\u00edm, ahov\u00e1 csak leveleket k\u00fcldhetnek. Mi is az a sz\u00e9khely? A t\u00e1rsas\u00e1gi jogi szab\u00e1lyok alapvet\u0151 k\u00f6vetelm\u00e9nye, hogy egy c\u00e9gnek sz\u00e9khellyel kell rendelkeznie. A szab\u00e1lyoz\u00e1s azt is el\u0151\u00edrja, hogy [&hellip;]<\/p>\n","protected":false},"author":1,"featured_media":183,"comment_status":"open","ping_status":"open","sticky":false,"template":"","format":"standard","meta":{"footnotes":""},"categories":[1],"tags":[],"class_list":["post-137","post","type-post","status-publish","format-standard","has-post-thumbnail","hentry","category-uncategorized"],"_links":{"self":[{"href":"https:\/\/konyvelos.bemutatjuk.com\/index.php\/wp-json\/wp\/v2\/posts\/137","targetHints":{"allow":["GET"]}}],"collection":[{"href":"https:\/\/konyvelos.bemutatjuk.com\/index.php\/wp-json\/wp\/v2\/posts"}],"about":[{"href":"https:\/\/konyvelos.bemutatjuk.com\/index.php\/wp-json\/wp\/v2\/types\/post"}],"author":[{"embeddable":true,"href":"https:\/\/konyvelos.bemutatjuk.com\/index.php\/wp-json\/wp\/v2\/users\/1"}],"replies":[{"embeddable":true,"href":"https:\/\/konyvelos.bemutatjuk.com\/index.php\/wp-json\/wp\/v2\/comments?post=137"}],"version-history":[{"count":1,"href":"https:\/\/konyvelos.bemutatjuk.com\/index.php\/wp-json\/wp\/v2\/posts\/137\/revisions"}],"predecessor-version":[{"id":138,"href":"https:\/\/konyvelos.bemutatjuk.com\/index.php\/wp-json\/wp\/v2\/posts\/137\/revisions\/138"}],"wp:featuredmedia":[{"embeddable":true,"href":"https:\/\/konyvelos.bemutatjuk.com\/index.php\/wp-json\/wp\/v2\/media\/183"}],"wp:attachment":[{"href":"https:\/\/konyvelos.bemutatjuk.com\/index.php\/wp-json\/wp\/v2\/media?parent=137"}],"wp:term":[{"taxonomy":"category","embeddable":true,"href":"https:\/\/konyvelos.bemutatjuk.com\/index.php\/wp-json\/wp\/v2\/categories?post=137"},{"taxonomy":"post_tag","embeddable":true,"href":"https:\/\/konyvelos.bemutatjuk.com\/index.php\/wp-json\/wp\/v2\/tags?post=137"}],"curies":[{"name":"wp","href":"https:\/\/api.w.org\/{rel}","templated":true}]}}