{"id":135,"date":"2022-12-11T18:30:48","date_gmt":"2022-12-11T18:30:48","guid":{"rendered":"https:\/\/konyvelos.bemutatjuk.com\/?p=135"},"modified":"2022-12-11T20:11:21","modified_gmt":"2022-12-11T20:11:21","slug":"ki-vehet-igenybe-szekhelyszolgaltatast","status":"publish","type":"post","link":"https:\/\/konyvelos.bemutatjuk.com\/index.php\/2022\/12\/11\/ki-vehet-igenybe-szekhelyszolgaltatast\/","title":{"rendered":"Ki vehet ig\u00e9nybe sz\u00e9khelyszolg\u00e1ltat\u00e1st"},"content":{"rendered":"\n<p>A sz\u00e9khelyszolg\u00e1ltat\u00e1s egyre n\u00e9pszer\u0171bb a v\u00e1llalkoz\u00f3k k\u00f6r\u00e9ben. Sz\u00e1mos el\u0151nyei k\u00f6z\u00f6tt nem csak k\u00f6lts\u00e9ghat\u00e9kony, de jelent\u0151s terhet vesz le a c\u00e9gvezet\u0151k v\u00e1ll\u00e1r\u00f3l. De ki \u00e9lhet ezzel a lehet\u0151s\u00e9ggel \u00e9s mi\u00e9rt \u00e9ri meg sz\u00e1m\u00e1ra?<\/p>\n\n\n\n<h2 class=\"wp-block-heading\">Mi is az a sz\u00e9khelyszolg\u00e1ltat\u00e1s?&nbsp;<\/h2>\n\n\n\n<p>Minden v\u00e1llalkoz\u00f3nak sz\u00e9khelyre van sz\u00fcks\u00e9ge. Ez adott esetben lehet ak\u00e1r a saj\u00e1t ingatlana, vagy b\u00e9rlem\u00e9ny is. De a sz\u00e9khely nem puszt\u00e1n egy c\u00edm. T\u00f6rv\u00e9nyi el\u0151\u00edr\u00e1sok szabj\u00e1k meg, hogy miknek kell megfelelnie. Ilyen p\u00e9ld\u00e1ul a kihelyezett c\u00e9gt\u00e1bla, a &#8211; val\u00f3ban el\u00e9rhet\u0151 &#8211; levelez\u00e9si c\u00edm, itt kell t\u00e1rolni a meghat\u00e1rozott iratokat \u00e9s ide \u00e9rkeznek a hat\u00f3s\u00e1g ellen\u0151rei is, akiknek a bejut\u00e1st munkaid\u0151ben biztos\u00edtani kell.&nbsp;&nbsp;<\/p>\n\n\n\n<p>\u00d6nmag\u00e1ban a folyamatos jelenl\u00e9t is kev\u00e9s v\u00e1llalkoz\u00e1s sz\u00e1m\u00e1ra megoldhat\u00f3. Arr\u00f3l nem is besz\u00e9lve, hogy senki sem szeretn\u00e9, hogy az otthona nyugalm\u00e1t ellen\u0151r\u00f6k zavarj\u00e1k meg. A hivatalos k\u00fcldem\u00e9ny is k\u00f6nnyen elker\u00fclhet minket egy nyaral\u00e1s sor\u00e1n\u2026 T\u00f6bbek k\u00f6z\u00f6tt ezekre a probl\u00e9m\u00e1kra sz\u00fcletett megold\u00e1sk\u00e9nt a sz\u00e9khelyszolg\u00e1ltat\u00e1s, ami a felsoroltakon t\u00fal m\u00e9g sz\u00e1mtalan dologban teheti k\u00f6nnyebb\u00e9 egy v\u00e1llalkoz\u00f3 \u00e9let\u00e9t.<\/p>\n\n\n\n<h2 class=\"wp-block-heading\">Mit tesz a sz\u00e9khelyszolg\u00e1ltat\u00f3?<\/h2>\n\n\n\n<p>Minden felt\u00e9telnek eleget tesz, amit a t\u00f6rv\u00e9ny el\u0151\u00edr a v\u00e1llalkoz\u00e1s sz\u00e1m\u00e1ra. Alapesetben is kezeli a be\u00e9rkez\u0151 post\u00e1t \u00e9s a k\u00fcldem\u00e9nyekr\u0151l a v\u00e1lasztott form\u00e1ban \u00e9rtes\u00edti a v\u00e1llalkoz\u00f3t. Kihelyezi a c\u00e9gt\u00e1bl\u00e1t \u00e9s t\u00e1rolja a sz\u00fcks\u00e9ges iratokat. Ellen\u0151rz\u00e9s eset\u00e9n a hat\u00f3s\u00e1g rendelkez\u00e9s\u00e9re \u00e1ll, k\u00e9pviselve a c\u00e9get. \u00cdgy nincs sz\u00fcks\u00e9g a c\u00e9gvezet\u0151 jelenl\u00e9t\u00e9re. Sz\u00e1mos egy\u00e9b szolg\u00e1ltat\u00e1ssal \u2013 p\u00e9ld\u00e1ul c\u00e9galap\u00edt\u00e1ssal, k\u00f6nyvel\u00e9ssel, t\u00e1rgyal\u00f3 biztos\u00edt\u00e1s\u00e1val, f\u00e9nym\u00e1sol\u00e1si lehet\u0151s\u00e9ggel \u2013 seg\u00edti a c\u00e9gek munk\u00e1j\u00e1t.<\/p>\n\n\n\n<h2 class=\"wp-block-heading\">&nbsp;Milyen el\u0151nye lehet m\u00e9g egy j\u00f3l megv\u00e1lasztott sz\u00e9khelynek?<\/h2>\n\n\n\n<p>Sz\u00e9khelyszolg\u00e1ltat\u00e1st Budapesten \u00e9s vid\u00e9ki v\u00e1rosokban is ig\u00e9nybe vehet\u00fcnk. Ha az olyan plusz szolg\u00e1ltat\u00e1sok fontosak, amik alapj\u00e1n t\u00f6bbsz\u00f6r l\u00e1togatn\u00e1nk a sz\u00e9khelyet \u2013 mint p\u00e9ld\u00e1ul a t\u00e1rgyal\u00f3 haszn\u00e1lata- c\u00e9lszer\u0171 k\u00f6zeli helyet v\u00e1lasztanunk. Sz\u00e1mos vid\u00e9ki c\u00e9g azonban az\u00e9rt v\u00e1laszt sz\u00e9khelyet a f\u0151v\u00e1rosban, hogy n\u00f6velje a megrendel\u0151i szem\u00e9ben a reput\u00e1ci\u00f3j\u00e1t. De a vid\u00e9ki sz\u00e9khely is el\u0151ny\u00f6s v\u00e1laszt\u00e1s, hiszen v\u00e1laszthatunk ak\u00e1r olyan telep\u00fcl\u00e9st is, ami mentes az ipar\u0171z\u00e9si ad\u00f3 al\u00f3l. Ezen fel\u00fcl \u00edgy indulhat a v\u00e1llalkoz\u00e1s ak\u00e1r a vid\u00e9ki p\u00e1ly\u00e1zatokon is.&nbsp;<\/p>\n\n\n\n<h2 class=\"wp-block-heading\">Kik vehetik ig\u00e9nybe a sz\u00e9khelyszolg\u00e1ltat\u00e1st?<\/h2>\n\n\n\n<p>A sz\u00e9khely megjel\u00f6l\u00e9se m\u00e1r a megalap\u00edt\u00e1skor k\u00f6telez\u0151 a gazdas\u00e1gi t\u00e1rsas\u00e1goknak. A bet\u00e9ti t\u00e1rsas\u00e1goknak, vagy a korl\u00e1tolt felel\u0151ss\u00e9g\u0171 t\u00e1rsas\u00e1goknak is. De az egy\u00e9ni v\u00e1llalkoz\u00f3knak is sz\u00fcks\u00e9g\u00fck van sz\u00e9khely bejelent\u00e9sre, ez\u00e9rt a szolg\u00e1ltat\u00e1s sz\u00e1mukra is el\u00e9rhet\u0151. A sz\u00e9khelyszolg\u00e1ltat\u00e1s sz\u00e1mos v\u00e1llalkoz\u00e1si form\u00e1nak t\u00f6k\u00e9letes megold\u00e1st ny\u00fajt. Nem csak a jogi k\u00f6vetelm\u00e9nyeknek tehet\u00fcnk vele k\u00f6nnyed\u00e9n eleget. A plusz szolg\u00e1ltat\u00e1sok m\u00e9g vonz\u00f3bb\u00e1 teszik, r\u00e1ad\u00e1sul mindez k\u00f6lts\u00e9ghat\u00e9konyan el\u00e9rhet\u0151.<\/p>\n\n\n\n<h2 class=\"wp-block-heading\">Milyen a j\u00f3 sz\u00e9khelyszolg\u00e1ltat\u00f3?<\/h2>\n\n\n\n<p>A sz\u00e9khelyszolg\u00e1ltat\u00f3 kiv\u00e1laszt\u00e1sakor mindenk\u00e9ppen ellen\u0151rizz\u00fck, hogy eleget tesznek -e az aktu\u00e1lis t\u00f6rv\u00e9nyi k\u00f6telezetts\u00e9geiknek. Fontos, hogy megb\u00edzhat\u00f3 szolg\u00e1ltat\u00f3t v\u00e1lasszunk, hiszen egy esetleges mulaszt\u00e1s eset\u00e9n a c\u00e9g\u00fcnket vonj\u00e1k felel\u0151ss\u00e9gre. Soha nem \u00e9rdemes az \u00e1raj\u00e1nlatok alapj\u00e1n d\u00f6nteni, hiszen a havid\u00edj t\u00f6bbsz\u00f6r\u00f6s\u00e9be ker\u00fcl egy lehets\u00e9ges b\u00fcntet\u00e9s. Az alapvet\u0151 k\u00f6vetelm\u00e9nyeken t\u00fal m\u00e9rlegelj\u00fck, hogy milyen plusz szolg\u00e1ltat\u00e1sokra lehet sz\u00fcks\u00e9g. \u00c9rdemes a lehet\u0151 legt\u00f6bb c\u00e9g\u00fcgyet egy fed\u00e9l alatt int\u00e9zni, \u00edgy lehet igaz\u00e1n k\u00f6lts\u00e9ghat\u00e9kony a v\u00e1llalkoz\u00e1s m\u0171k\u00f6d\u00e9se.<\/p>\n\n\n\n<p>Sz\u00e9khelyszolg\u00e1ltat\u00f3ra van sz\u00fcks\u00e9ged? Nagy gyakorlatunk van a c\u00e9g\u00fcgyek professzion\u00e1lis kezel\u00e9s\u00e9ben. Kedvez\u0151 aj\u00e1nlatunk\u00e9rt fordulj hozz\u00e1nk bizalommal, levessz\u00fck a v\u00e1lladr\u00f3l a hivatalos \u00fcgyint\u00e9z\u00e9s terheit.&nbsp;<\/p>\n","protected":false},"excerpt":{"rendered":"<p>A sz\u00e9khelyszolg\u00e1ltat\u00e1s egyre n\u00e9pszer\u0171bb a v\u00e1llalkoz\u00f3k k\u00f6r\u00e9ben. Sz\u00e1mos el\u0151nyei k\u00f6z\u00f6tt nem csak k\u00f6lts\u00e9ghat\u00e9kony, de jelent\u0151s terhet vesz le a c\u00e9gvezet\u0151k v\u00e1ll\u00e1r\u00f3l. De ki \u00e9lhet ezzel a lehet\u0151s\u00e9ggel \u00e9s mi\u00e9rt \u00e9ri meg sz\u00e1m\u00e1ra? Mi is az a sz\u00e9khelyszolg\u00e1ltat\u00e1s?&nbsp; Minden v\u00e1llalkoz\u00f3nak sz\u00e9khelyre van sz\u00fcks\u00e9ge. Ez adott esetben lehet ak\u00e1r a saj\u00e1t ingatlana, vagy b\u00e9rlem\u00e9ny is. De a [&hellip;]<\/p>\n","protected":false},"author":1,"featured_media":184,"comment_status":"open","ping_status":"open","sticky":false,"template":"","format":"standard","meta":{"footnotes":""},"categories":[1],"tags":[],"class_list":["post-135","post","type-post","status-publish","format-standard","has-post-thumbnail","hentry","category-uncategorized"],"_links":{"self":[{"href":"https:\/\/konyvelos.bemutatjuk.com\/index.php\/wp-json\/wp\/v2\/posts\/135","targetHints":{"allow":["GET"]}}],"collection":[{"href":"https:\/\/konyvelos.bemutatjuk.com\/index.php\/wp-json\/wp\/v2\/posts"}],"about":[{"href":"https:\/\/konyvelos.bemutatjuk.com\/index.php\/wp-json\/wp\/v2\/types\/post"}],"author":[{"embeddable":true,"href":"https:\/\/konyvelos.bemutatjuk.com\/index.php\/wp-json\/wp\/v2\/users\/1"}],"replies":[{"embeddable":true,"href":"https:\/\/konyvelos.bemutatjuk.com\/index.php\/wp-json\/wp\/v2\/comments?post=135"}],"version-history":[{"count":1,"href":"https:\/\/konyvelos.bemutatjuk.com\/index.php\/wp-json\/wp\/v2\/posts\/135\/revisions"}],"predecessor-version":[{"id":136,"href":"https:\/\/konyvelos.bemutatjuk.com\/index.php\/wp-json\/wp\/v2\/posts\/135\/revisions\/136"}],"wp:featuredmedia":[{"embeddable":true,"href":"https:\/\/konyvelos.bemutatjuk.com\/index.php\/wp-json\/wp\/v2\/media\/184"}],"wp:attachment":[{"href":"https:\/\/konyvelos.bemutatjuk.com\/index.php\/wp-json\/wp\/v2\/media?parent=135"}],"wp:term":[{"taxonomy":"category","embeddable":true,"href":"https:\/\/konyvelos.bemutatjuk.com\/index.php\/wp-json\/wp\/v2\/categories?post=135"},{"taxonomy":"post_tag","embeddable":true,"href":"https:\/\/konyvelos.bemutatjuk.com\/index.php\/wp-json\/wp\/v2\/tags?post=135"}],"curies":[{"name":"wp","href":"https:\/\/api.w.org\/{rel}","templated":true}]}}