{"id":133,"date":"2022-12-11T18:29:43","date_gmt":"2022-12-11T18:29:43","guid":{"rendered":"https:\/\/konyvelos.bemutatjuk.com\/?p=133"},"modified":"2022-12-11T20:11:45","modified_gmt":"2022-12-11T20:11:45","slug":"miert-jo-a-szekhelyszolgaltatast-a-konyvelessel-egyutt-valasztani","status":"publish","type":"post","link":"https:\/\/konyvelos.bemutatjuk.com\/index.php\/2022\/12\/11\/miert-jo-a-szekhelyszolgaltatast-a-konyvelessel-egyutt-valasztani\/","title":{"rendered":"Mi\u00e9rt j\u00f3 a sz\u00e9khelyszolg\u00e1ltat\u00e1st a k\u00f6nyvel\u00e9ssel egy\u00fctt v\u00e1lasztani"},"content":{"rendered":"\n<p>Els\u0151re \u00fagy t\u0171nhet, hogy a sz\u00e9khelyszolg\u00e1ltat\u00e1s nem kapcsol\u00f3dik szorosan a k\u00f6nyvel\u00e9shez. Akkor mi\u00e9rt \u00e9rdemes m\u00e9gis egy helyen ig\u00e9nybe venni? Mert ha l\u00e1tsz\u00f3lagosan nem is k\u00f6t\u0151dik a kett\u0151 egym\u00e1shoz, sz\u00e1mos el\u0151ny\u00e9t \u00e9lvezhetj\u00fck annak, ha m\u00e1r a kezdetekt\u0151l \u00edgy d\u00f6nt\u00fcnk.&nbsp;<\/p>\n\n\n\n<h2 class=\"wp-block-heading\">Mikben seg\u00edt a k\u00f6nyvel\u0151?<\/h2>\n\n\n\n<p>Sokaknak csak az ad\u00f3bevall\u00e1s \u00e9s az \u00e9ves besz\u00e1mol\u00f3 elk\u00e9sz\u00edt\u00e9se fordul meg a fej\u00e9ben, ha a k\u00f6nyvel\u0151kre gondolnak. Azonban egy megfelel\u0151 szakember nem csak a sz\u00e1ml\u00e1kat \u00f6sszegzi, hanem seg\u00edti a c\u00e9g\u00fcnk m\u0171k\u00f6d\u00e9s\u00e9t is. Az aktualit\u00e1sok folyamatos k\u00f6vet\u00e9s\u00e9vel a szab\u00e1lyszer\u0171s\u00e9g\u00e9rt is felel \u00e9s tan\u00e1csokkal l\u00e1tja el az \u00fcgyfeleit, hogy a c\u00e9g hat\u00e9konyabban \u00e9s magasabb profittal m\u0171k\u00f6dhessen.<\/p>\n\n\n\n<h2 class=\"wp-block-heading\">K\u00f6lts\u00e9ghat\u00e9konys\u00e1g az alap\u00edt\u00e1st\u00f3l kezdve<\/h2>\n\n\n\n<p>M\u00e1r a v\u00e1llalkoz\u00e1s megalap\u00edt\u00e1sakor sz\u00e1mtalan lehet\u0151s\u00e9get kell sz\u00e1mba venn\u00fcnk \u00e9s alapos megfontolts\u00e1ggal kell d\u00f6nt\u00e9seket hoznunk a c\u00e9g\u00fcnk j\u00f6v\u0151beli m\u0171k\u00f6d\u00e9s\u00e9vel kapcsolatban. Ebben elengedhetetlen seg\u00edts\u00e9get tud ny\u00fajtani a k\u00f6nyvel\u0151. Kiemelten fontos az ad\u00f3z\u00e1s szempontj\u00e1b\u00f3l, hogy milyen v\u00e1llalkoz\u00e1si form\u00e1t v\u00e1lasztunk. Ugyanilyen jelent\u0151s a sz\u00e9khely megv\u00e1laszt\u00e1s\u00e1nak a helye is. A k\u00f6nyvel\u0151 tud el\u0151zetes sz\u00e1m\u00edt\u00e1sokat v\u00e9gezni \u00e9s pontos seg\u00edts\u00e9get adni a sz\u00e1munkra.&nbsp;<\/p>\n\n\n\n<h2 class=\"wp-block-heading\">IPA mentes telep\u00fcl\u00e9sek<\/h2>\n\n\n\n<p>Magyarorsz\u00e1gon jelenleg t\u00f6bb mint 300 telep\u00fcl\u00e9sen el\u00e9rhet\u0151 az ipar\u0171z\u00e9si ad\u00f3 mentes sz\u00e9khelyszolg\u00e1ltat\u00e1s. Ha mindenk\u00e9ppen gazdas\u00e1gi tev\u00e9kenys\u00e9get kell folytatnia a c\u00e9gnek m\u00e1s telep\u00fcl\u00e9sen is, a fizet\u00e9si k\u00f6telezetts\u00e9gek az \u00f6nkorm\u00e1nyzatok k\u00f6z\u00f6tt megoszlanak. Ez\u00e9rt kiemelten fontos m\u00e1r a kezdetekt\u0151l tiszt\u00e1zni, hogy mennyi anyagi el\u0151nnyel vagy gyakorlati h\u00e1tr\u00e1nnyal j\u00e1r egy IPA mentes telep\u00fcl\u00e9sre helyezni a c\u00e9g sz\u00e9khely\u00e9t. Fontos! Az ipar\u0171z\u00e9si ad\u00f3t sz\u00e9khelym\u00f3dos\u00edt\u00e1ssal elker\u00fclni ad\u00f3csal\u00e1s. Ez\u00e9rt kell, hogy leg\u00e1lis kereteken bel\u00fcl k\u00e9sz\u00fclj\u00f6n el az ad\u00f3tervez\u00e9s. Ebben is a k\u00f6nyvel\u0151 ny\u00fajt megold\u00e1st.<\/p>\n\n\n\n<h2 class=\"wp-block-heading\">Melyik sz\u00e9khelyszolg\u00e1ltat\u00f3t v\u00e1lasszam?<\/h2>\n\n\n\n<p>Ha a k\u00f6nyvel\u0151nk seg\u00edtett kiv\u00e1lasztani a megfelel\u0151 c\u00e9gform\u00e1t \u00e9s a leend\u0151 sz\u00e9khelyet, sz\u00fcks\u00e9g\u00fcnk van egy megfelel\u0151 sz\u00e9khelyszolg\u00e1ltat\u00f3ra is. Mivel a k\u00f6nyvel\u0151 munkak\u00f6r\u00e9nek alaposzlopa, hogy a c\u00e9ged seg\u00edtse a k\u00f6lts\u00e9ghat\u00e9kony \u00e9s a szab\u00e1lyszer\u0171 m\u0171k\u00f6d\u00e9sben, sz\u00e1m\u00e1ra ugyanolyan fontos, hogy megfelel\u0151 sz\u00e9khelyszolg\u00e1ltat\u00f3t v\u00e1lassz. Az elhivatott szakember garanci\u00e1t v\u00e1llal a saj\u00e1t munk\u00e1j\u00e1ra. \u00c9ppen ez\u00e9rt csak hiteles szolg\u00e1ltat\u00f3t fog aj\u00e1nlani neked. A megb\u00edzhat\u00f3 sz\u00e9khelyszolg\u00e1ltat\u00e1s nagyon fontos, hiszen mulaszt\u00e1s eset\u00e9n ak\u00e1r b\u00edrs\u00e1ggal is s\u00fajthatnak t\u00e9ged a hat\u00f3s\u00e1gok. Rosszabb esetben az ad\u00f3sz\u00e1mod is felf\u00fcggeszt\u00e9sre ker\u00fclhet, ami megb\u00e9n\u00edtja a c\u00e9g m\u0171k\u00f6d\u00e9s\u00e9t.<\/p>\n\n\n\n<h2 class=\"wp-block-heading\">A bejelent\u00e9si k\u00f6telezetts\u00e9g<\/h2>\n\n\n\n<p>Ha sz\u00e9khelyszolg\u00e1ltat\u00e1st vesz\u00fcnk ig\u00e9nybe, a bejelent\u00e9si k\u00f6telezetts\u00e9g nem a szolg\u00e1ltat\u00f3t terheli. A Nemzeti Ad\u00f3- \u00e9s V\u00e1mhivatal fel\u00e9 k\u00f6teles vagy a szolg\u00e1ltat\u00e1s ig\u00e9nybev\u00e9tel\u00e9t bejelenteni. Term\u00e9szetesen ebben is seg\u00edts\u00e9gedre lesz a k\u00f6nyvel\u0151d. Az erre rendszeres\u00edtett \u2019T101E \u00e9s \u2019T201T adatlapok kit\u00f6lt\u00e9s\u00e9vel \u00e9s bek\u00fcld\u00e9s\u00e9vel \u0151 is elv\u00e9gezheti a sz\u00e9khelyszolg\u00e1ltat\u00e1s bejelent\u00e9s\u00e9t.<\/p>\n\n\n\n<h2 class=\"wp-block-heading\">K\u00f6lts\u00e9ghat\u00e9konyabban a k\u00f6lts\u00e9ghat\u00e9konys\u00e1g\u00e9rt<\/h2>\n\n\n\n<p>\u00d6nmag\u00e1ban a sz\u00e9khelyszolg\u00e1ltat\u00e1s \u00e9s a megfelel\u0151 k\u00f6nyvel\u0151 k\u00fcl\u00f6n-k\u00fcl\u00f6n is rengeteg k\u00f6lts\u00e9get k\u00e9pes a v\u00e1llalkoz\u00e1sod sz\u00e1m\u00e1ra megtakar\u00edtani. Azzal, hogy a k\u00f6nyvel\u0151 seg\u00edt optimaliz\u00e1lni a sz\u00e1modra ide\u00e1lis szolg\u00e1ltat\u00e1sokat a sz\u00e9khelyszolg\u00e1ltat\u00e1s keretein bel\u00fcl, megint csak a kiad\u00e1sok cs\u00f6kkennek. A gyakorlatban azonban tov\u00e1bbi kedvezm\u00e9nyekhez is hozz\u00e1seg\u00edt, ha a szolg\u00e1ltat\u00e1sokat egy\u00fctt veszed ig\u00e9nybe.<\/p>\n\n\n\n<p>Seg\u00edt\u00fcnk, hogy a c\u00e9g\u00fcgyeid egy helyen legyenek. A k\u00f6lts\u00e9gtakar\u00e9koss\u00e1g \u00e9s a hat\u00e9konys\u00e1g a v\u00e1llalkoz\u00e1sod profitj\u00e1t n\u00f6veli. Profi csapatunk a rendelkez\u00e9sedre \u00e1ll, hogy hozz\u00e1j\u00e1ruljunk a c\u00e9ged siker\u00e9hez.&nbsp;&nbsp;&nbsp;<\/p>\n","protected":false},"excerpt":{"rendered":"<p>Els\u0151re \u00fagy t\u0171nhet, hogy a sz\u00e9khelyszolg\u00e1ltat\u00e1s nem kapcsol\u00f3dik szorosan a k\u00f6nyvel\u00e9shez. Akkor mi\u00e9rt \u00e9rdemes m\u00e9gis egy helyen ig\u00e9nybe venni? Mert ha l\u00e1tsz\u00f3lagosan nem is k\u00f6t\u0151dik a kett\u0151 egym\u00e1shoz, sz\u00e1mos el\u0151ny\u00e9t \u00e9lvezhetj\u00fck annak, ha m\u00e1r a kezdetekt\u0151l \u00edgy d\u00f6nt\u00fcnk.&nbsp; Mikben seg\u00edt a k\u00f6nyvel\u0151? Sokaknak csak az ad\u00f3bevall\u00e1s \u00e9s az \u00e9ves besz\u00e1mol\u00f3 elk\u00e9sz\u00edt\u00e9se fordul meg a fej\u00e9ben, [&hellip;]<\/p>\n","protected":false},"author":1,"featured_media":188,"comment_status":"open","ping_status":"open","sticky":false,"template":"","format":"standard","meta":{"footnotes":""},"categories":[1],"tags":[],"class_list":["post-133","post","type-post","status-publish","format-standard","has-post-thumbnail","hentry","category-uncategorized"],"_links":{"self":[{"href":"https:\/\/konyvelos.bemutatjuk.com\/index.php\/wp-json\/wp\/v2\/posts\/133","targetHints":{"allow":["GET"]}}],"collection":[{"href":"https:\/\/konyvelos.bemutatjuk.com\/index.php\/wp-json\/wp\/v2\/posts"}],"about":[{"href":"https:\/\/konyvelos.bemutatjuk.com\/index.php\/wp-json\/wp\/v2\/types\/post"}],"author":[{"embeddable":true,"href":"https:\/\/konyvelos.bemutatjuk.com\/index.php\/wp-json\/wp\/v2\/users\/1"}],"replies":[{"embeddable":true,"href":"https:\/\/konyvelos.bemutatjuk.com\/index.php\/wp-json\/wp\/v2\/comments?post=133"}],"version-history":[{"count":1,"href":"https:\/\/konyvelos.bemutatjuk.com\/index.php\/wp-json\/wp\/v2\/posts\/133\/revisions"}],"predecessor-version":[{"id":134,"href":"https:\/\/konyvelos.bemutatjuk.com\/index.php\/wp-json\/wp\/v2\/posts\/133\/revisions\/134"}],"wp:featuredmedia":[{"embeddable":true,"href":"https:\/\/konyvelos.bemutatjuk.com\/index.php\/wp-json\/wp\/v2\/media\/188"}],"wp:attachment":[{"href":"https:\/\/konyvelos.bemutatjuk.com\/index.php\/wp-json\/wp\/v2\/media?parent=133"}],"wp:term":[{"taxonomy":"category","embeddable":true,"href":"https:\/\/konyvelos.bemutatjuk.com\/index.php\/wp-json\/wp\/v2\/categories?post=133"},{"taxonomy":"post_tag","embeddable":true,"href":"https:\/\/konyvelos.bemutatjuk.com\/index.php\/wp-json\/wp\/v2\/tags?post=133"}],"curies":[{"name":"wp","href":"https:\/\/api.w.org\/{rel}","templated":true}]}}